{"id":1069,"date":"2012-06-28T20:06:42","date_gmt":"2012-06-28T20:06:42","guid":{"rendered":"http:\/\/localhost:8888\/?p=1069"},"modified":"2020-07-07T21:22:52","modified_gmt":"2020-07-07T19:22:52","slug":"aroma-vjaying","status":"publish","type":"post","link":"https:\/\/www.vjevent.fr\/fr\/aroma-vjaying\/","title":{"rendered":"Aroma-vjaying"},"content":{"rendered":"<p><a href=\"https:\/\/i0.wp.com\/www.vjevent.com\/wp-content\/uploads\/2012\/06\/header-aroma-vjaying.png\"><img data-recalc-dims=\"1\" loading=\"lazy\" decoding=\"async\" src=\"https:\/\/i0.wp.com\/www.vjevent.com\/wp-content\/uploads\/2012\/06\/header-aroma-vjaying.png?resize=700%2C320\" alt=\"\" title=\"vj event - aroma v-jaying\" width=\"700\" height=\"320\" class=\"alignnone size-full wp-image-1425\" \/><\/a><\/p>\n<div style=\"margin-left: 1px; margin-top: -42px;\">\n[aside title=\u00a0\u00bbLes plus :\u00a0\u00bb]- Sc\u00e9nograhies multisensorielles<br \/>\n&#8211; Diffusion de fragrances dans de grands espaces<br \/>\n&#8211; Synchronisation parfums\/images\/sons<br \/>\n&#8211; Catalogue de fragrances \u00e9tendu[\/aside]<\/p>\n<h4>Une exp\u00e9rience multisensorielle alliant parfums, images et sons: la cr\u00e9ation en live d&rsquo;ambiances olfactives<\/h4>\n<p>Nous recourons \u00e0 l&rsquo;ensemble des sens pour cr\u00e9er des \u00e9motions fortes. A l\u2019aide d\u2019une interface, l&rsquo;aroma-vj contr\u00f4le \u00e0 distance la diffusion de parfums. Il est ainsi possible d&rsquo;associer fragrances, ambiances sonores et vid\u00e9os afin de cr\u00e9er des environnements multisensoriels dans de grands espaces ou dans plusieurs espaces diff\u00e9rents (zoning).<br \/>\nNous disposons d\u2019un catalogue de plus de 600 fragrances et pouvons cr\u00e9er des parfums sur mesure.<br \/>\n[jwplayer mediaid=\u00a0\u00bb2095&Prime;]<br \/>\nQuelques exemples de fragrances :<br \/>\nChampagne Brut, Blue Ginseng, Menthe, Th\u00e9 Vert Fum\u00e9, Feu de Bois, Caf\u00e9 Noir, Oc\u00e9an Iod\u00e9, Cuir, Savane, Garrigue, Jasmin, Fleur d\u2019Oranger, Ananas, Citron, Framboise, Fruit de la Passion, Eucalyptus, Figuier, Cannelle, Gingembre, Cacao, Miel, Vanille &#8230;<br \/> <br \/>\n<strong>R\u00e9f\u00e9rences :<\/strong> &#8211; Dunhill &#8211; Stylos Mont-Blanc  &#8211; Office du Tourisme d&rsquo;Afrique du sud &#8211; Tassimo &#8211; Spa Miramar<\/p>\n<p><\/p>","protected":false},"excerpt":{"rendered":"<p>La cr\u00e9ation en live d\u2019ambiances multisensorielles<\/p>\n","protected":false},"author":1,"featured_media":1628,"comment_status":"closed","ping_status":"open","sticky":false,"template":"","format":"standard","meta":{"om_disable_all_campaigns":false,"_monsterinsights_skip_tracking":false,"_monsterinsights_sitenote_active":false,"_monsterinsights_sitenote_note":"","_monsterinsights_sitenote_category":0,"_jetpack_memberships_contains_paid_content":false,"footnotes":""},"categories":[],"tags":[],"class_list":["post-1069","post","type-post","status-publish","format-standard","has-post-thumbnail","hentry"],"aioseo_notices":[],"jetpack_featured_media_url":"https:\/\/i0.wp.com\/www.vjevent.fr\/wp-content\/uploads\/2012\/07\/aromavjaying1.png?fit=480%2C320&ssl=1","jetpack_sharing_enabled":true,"_links":{"self":[{"href":"https:\/\/www.vjevent.fr\/fr\/wp-json\/wp\/v2\/posts\/1069"}],"collection":[{"href":"https:\/\/www.vjevent.fr\/fr\/wp-json\/wp\/v2\/posts"}],"about":[{"href":"https:\/\/www.vjevent.fr\/fr\/wp-json\/wp\/v2\/types\/post"}],"author":[{"embeddable":true,"href":"https:\/\/www.vjevent.fr\/fr\/wp-json\/wp\/v2\/users\/1"}],"replies":[{"embeddable":true,"href":"https:\/\/www.vjevent.fr\/fr\/wp-json\/wp\/v2\/comments?post=1069"}],"version-history":[{"count":1,"href":"https:\/\/www.vjevent.fr\/fr\/wp-json\/wp\/v2\/posts\/1069\/revisions"}],"predecessor-version":[{"id":2817,"href":"https:\/\/www.vjevent.fr\/fr\/wp-json\/wp\/v2\/posts\/1069\/revisions\/2817"}],"wp:featuredmedia":[{"embeddable":true,"href":"https:\/\/www.vjevent.fr\/fr\/wp-json\/wp\/v2\/media\/1628"}],"wp:attachment":[{"href":"https:\/\/www.vjevent.fr\/fr\/wp-json\/wp\/v2\/media?parent=1069"}],"wp:term":[{"taxonomy":"category","embeddable":true,"href":"https:\/\/www.vjevent.fr\/fr\/wp-json\/wp\/v2\/categories?post=1069"},{"taxonomy":"post_tag","embeddable":true,"href":"https:\/\/www.vjevent.fr\/fr\/wp-json\/wp\/v2\/tags?post=1069"}],"curies":[{"name":"wp","href":"https:\/\/api.w.org\/{rel}","templated":true}]}}